{"id":10765,"date":"2026-09-03T08:11:40","date_gmt":"2026-09-03T14:11:40","guid":{"rendered":"https:\/\/azucar967.com\/?p=10765"},"modified":"2026-09-03T08:11:40","modified_gmt":"2026-09-03T14:11:40","slug":"abogado-de-ozuna-confirma-que-el-cantante-si-tuvo-una-relacion-con-modelo-que-lo-acusa","status":"publish","type":"post","link":"https:\/\/azucar967.com\/?p=10765","title":{"rendered":"Abogado de Ozuna confirma que el cantante s\u00ed tuvo una relaci\u00f3n con modelo que lo acusa"},"content":{"rendered":"<div class=\"wp-block-image\">\n<figure class=\"aligncenter size-full is-resized\"><img decoding=\"async\" src=\"https:\/\/radiolapeligrosa.com\/wp-content\/uploads\/2026\/09\/image-3.png\" alt=\"\" style=\"width:606px;height:auto\" \/><\/figure>\n<\/div>\n\n\n<p class=\"has-medium-font-size wp-block-paragraph\">El abogado de Ozuna confirm\u00f3 que el cantante mantuvo una relaci\u00f3n con Gillian Atkinson, modelo que lo acusa de presunto maltrato f\u00edsico y quien ya tiene una orden de protecci\u00f3n a su favor.<\/p>\n","protected":false},"excerpt":{"rendered":"<p>El abogado de Ozuna confirm\u00f3 que el cantante mantuvo una relaci\u00f3n con Gillian Atkinson, modelo que lo acusa de presunto maltrato f\u00edsico y quien ya tiene una orden de protecci\u00f3n a su favor.<\/p>\n","protected":false},"author":2,"featured_media":0,"comment_status":"closed","ping_status":"closed","sticky":false,"template":"","format":"standard","meta":{"footnotes":"","jetpack_publicize_message":"","jetpack_publicize_feature_enabled":true,"jetpack_social_post_already_shared":true,"jetpack_social_options":{"image_generator_settings":{"template":"highway","default_image_id":0,"font":"","enabled":false},"version":2}},"categories":[7],"tags":[],"class_list":["post-10765","post","type-post","status-publish","format-standard","hentry","category-farandula"],"jetpack_publicize_connections":[],"_links":{"self":[{"href":"https:\/\/azucar967.com\/index.php?rest_route=\/wp\/v2\/posts\/10765","targetHints":{"allow":["GET"]}}],"collection":[{"href":"https:\/\/azucar967.com\/index.php?rest_route=\/wp\/v2\/posts"}],"about":[{"href":"https:\/\/azucar967.com\/index.php?rest_route=\/wp\/v2\/types\/post"}],"author":[{"embeddable":true,"href":"https:\/\/azucar967.com\/index.php?rest_route=\/wp\/v2\/users\/2"}],"replies":[{"embeddable":true,"href":"https:\/\/azucar967.com\/index.php?rest_route=%2Fwp%2Fv2%2Fcomments&post=10765"}],"version-history":[{"count":1,"href":"https:\/\/azucar967.com\/index.php?rest_route=\/wp\/v2\/posts\/10765\/revisions"}],"predecessor-version":[{"id":10766,"href":"https:\/\/azucar967.com\/index.php?rest_route=\/wp\/v2\/posts\/10765\/revisions\/10766"}],"wp:attachment":[{"href":"https:\/\/azucar967.com\/index.php?rest_route=%2Fwp%2Fv2%2Fmedia&parent=10765"}],"wp:term":[{"taxonomy":"category","embeddable":true,"href":"https:\/\/azucar967.com\/index.php?rest_route=%2Fwp%2Fv2%2Fcategories&post=10765"},{"taxonomy":"post_tag","embeddable":true,"href":"https:\/\/azucar967.com\/index.php?rest_route=%2Fwp%2Fv2%2Ftags&post=10765"}],"curies":[{"name":"wp","href":"https:\/\/api.w.org\/{rel}","templated":true}]}}